{"id":6921,"date":"2025-02-21T13:19:04","date_gmt":"2025-02-21T13:19:04","guid":{"rendered":"https:\/\/xjenzamalta.mt\/?p=6921"},"modified":"2025-02-21T13:19:04","modified_gmt":"2025-02-21T13:19:04","slug":"stqarrija-mis-segretarjat-parlamentari-ghaz-zghazagh-ir-ricerka-u-l-innovazzjoni-u-mis-segretarjat-parlamentari-ghall-gvern-lokali-jittella-l-workshop-horizon-europe-missions-emp","status":"publish","type":"post","link":"https:\/\/xjenzamalta.mt\/mt\/2025\/02\/21\/stqarrija-mis-segretarjat-parlamentari-ghaz-zghazagh-ir-ricerka-u-l-innovazzjoni-u-mis-segretarjat-parlamentari-ghall-gvern-lokali-jittella-l-workshop-horizon-europe-missions-emp\/","title":{"rendered":"STQARRIJA MIS-SEGRETARJAT PARLAMENTARI G\u0126A\u017b-\u017bG\u0126A\u017bAG\u0126, IR-RI\u010aERKA U L-INNOVAZZJONI U MIS-SEGRETARJAT PARLAMENTARI G\u0126ALL-GVERN LOKALI &#8211; Jittella\u2019 l-workshop \u2018Horizon Europe Missions: Empowering Local Communities\u2019"},"content":{"rendered":"<p>Is-Segretarju Parlamentari Keith Azzopardi Tanti flimkien mas-Segretarju Parlamentari Alison Zerafa Civelli u rappre\u017centanti minn Xjenza Malta indirizzaw il-workshop intitolat\u00a0\u201cHorizon Europe Missions: Empowering Local Communities&#8221;, li sar f&#8217;Villa Bighi.\u200b\u200b<\/p>\n<p>Dan l-avveniment, li kien indirizzat g\u0127all-Kunsilli Lokali, ipprovda \u0127arsa dettaljata lejn l-opportunitajiet fi \u0127dan Horizon Europe li jistg\u0127u japplikaw g\u0127alihom il-Kunsilli Lokali, b&#8217;enfasi fuq il-\u0127ames Missjonijiet tal-UE li g\u0127andhom l-g\u0127an jindirizzaw l-isfidi globali fl-oqsma tas-sa\u0127\u0127a, il-klima, l-ibliet, l-ambjent u s-so\u010bjet\u00e0.<\/p>\n<p>Dawn il-Missjonijiet, li huma mfassla biex irawmu soluzzjonijiet innovattivi allinjati mal-miri fit-tul tal-UE, jinkludu miri g\u0127all-adattament g\u0127at-tibdil fil-klima, ri\u010berka dwar il-kan\u010ber, o\u010beani sostenibbli, bliet intelli\u0121enti, u \u0127amrija b&#8217;sa\u0127\u0127itha. Permezz ta&#8217; workshops b\u0127al dawn, l-entitajiet Maltin inklu\u017c il-Kunsilli Lokali huma m\u0127e\u0121\u0121a japplikaw sa 100% tal-fondi biex jikkontribwixxu g\u0127al dawn il-Missjonijiet.<\/p>\n<p><a href=\"https:\/\/www.gov.mt\/en\/Government\/DOI\/Press%20Releases\/Pages\/2025\/02\/19\/PR250276.aspx\" target=\"_blank\" rel=\"noopener\">Ag\u0127fas hawn biex tara l-kumplament tal-istqarrija<\/a><\/p>\n<p><a href=\"https:\/\/xjenzamalta.mt\/wp-content\/uploads\/2025\/02\/Empowering-Local-Communities.zip\" target=\"_blank\" rel=\"noopener\">Sabiex issegwi l-pre\u017centazzjoni li ntu\u017cat waqt dan il-workshop, ag\u0127fas hawn.<\/a><\/p>","protected":false},"excerpt":{"rendered":"<p>Is-Segretarju Parlamentari Keith Azzopardi Tanti flimkien mas-Segretarju Parlamentari Alison Zerafa Civelli u rappre\u017centanti minn Xjenza Malta indirizzaw il-workshop intitolat\u00a0\u201cHorizon Europe Missions: Empowering Local Communities&#8221;, li sar f&#8217;Villa Bighi.\u200b\u200b Dan l-avveniment, li kien indirizzat g\u0127all-Kunsilli Lokali, ipprovda \u0127arsa dettaljata lejn l-opportunitajiet fi \u0127dan Horizon Europe li jistg\u0127u japplikaw g\u0127alihom il-Kunsilli Lokali, b&#8217;enfasi fuq il-\u0127ames Missjonijiet tal-UE<\/p>","protected":false},"author":5,"featured_media":6923,"comment_status":"closed","ping_status":"closed","sticky":false,"template":"","format":"standard","meta":{"footnotes":""},"categories":[45],"tags":[],"class_list":["post-6921","post","type-post","status-publish","format-standard","has-post-thumbnail","hentry","category-press-releases"],"_links":{"self":[{"href":"https:\/\/xjenzamalta.mt\/mt\/wp-json\/wp\/v2\/posts\/6921","targetHints":{"allow":["GET"]}}],"collection":[{"href":"https:\/\/xjenzamalta.mt\/mt\/wp-json\/wp\/v2\/posts"}],"about":[{"href":"https:\/\/xjenzamalta.mt\/mt\/wp-json\/wp\/v2\/types\/post"}],"author":[{"embeddable":true,"href":"https:\/\/xjenzamalta.mt\/mt\/wp-json\/wp\/v2\/users\/5"}],"replies":[{"embeddable":true,"href":"https:\/\/xjenzamalta.mt\/mt\/wp-json\/wp\/v2\/comments?post=6921"}],"version-history":[{"count":1,"href":"https:\/\/xjenzamalta.mt\/mt\/wp-json\/wp\/v2\/posts\/6921\/revisions"}],"predecessor-version":[{"id":6924,"href":"https:\/\/xjenzamalta.mt\/mt\/wp-json\/wp\/v2\/posts\/6921\/revisions\/6924"}],"wp:featuredmedia":[{"embeddable":true,"href":"https:\/\/xjenzamalta.mt\/mt\/wp-json\/wp\/v2\/media\/6923"}],"wp:attachment":[{"href":"https:\/\/xjenzamalta.mt\/mt\/wp-json\/wp\/v2\/media?parent=6921"}],"wp:term":[{"taxonomy":"category","embeddable":true,"href":"https:\/\/xjenzamalta.mt\/mt\/wp-json\/wp\/v2\/categories?post=6921"},{"taxonomy":"post_tag","embeddable":true,"href":"https:\/\/xjenzamalta.mt\/mt\/wp-json\/wp\/v2\/tags?post=6921"}],"curies":[{"name":"wp","href":"https:\/\/api.w.org\/{rel}","templated":true}]}}