{"id":7057,"date":"2025-03-17T16:44:28","date_gmt":"2025-03-17T16:44:28","guid":{"rendered":"https:\/\/xjenzamalta.mt\/?p=7057"},"modified":"2025-03-17T16:44:28","modified_gmt":"2025-03-17T16:44:28","slug":"stqarrija-mis-segretarjat-parlamentari-ghaz-zghazagh-ir-ricerka-u-l-innovazzjoni-investiment-ta-miljun-ewro-ghar-ricerka-fil-kancer-imnedija-t-tieni-sejha-ghall-programm-ta-ricer","status":"publish","type":"post","link":"https:\/\/xjenzamalta.mt\/mt\/2025\/03\/17\/stqarrija-mis-segretarjat-parlamentari-ghaz-zghazagh-ir-ricerka-u-l-innovazzjoni-investiment-ta-miljun-ewro-ghar-ricerka-fil-kancer-imnedija-t-tieni-sejha-ghall-programm-ta-ricer\/","title":{"rendered":"STQARRIJA MIS-SEGRETARJAT PARLAMENTARI G\u0126A\u017b-\u017bG\u0126A\u017bAG\u0126, IR-RI\u010aERKA U L-INNOVAZZJONI &#8211; Investiment ta\u2019 miljun ewro g\u0127ar-ri\u010berka fil-kan\u010ber: Imnedija t-tieni sej\u0127a g\u0127all-Programm ta\u2019 Ri\u010berka dwar il-Kan\u010ber"},"content":{"rendered":"<div>Il-Cancer Research and Innovation Hub Malta (CRIHM) nediet uffi\u010bjalment it-tieni sej\u0127a g\u0127all-Programm ta\u2019 Ri\u010berka dwar il-Kan\u010ber b\u2019kollaborazzjoni ma\u2019 Xjenza Malta. Is-CRIHM, fi \u0127dan is-Segretarjat Parlamentari g\u0127a\u017c-\u017bg\u0127a\u017cag\u0127, ir-Ri\u010berka u l-Innovazzjoni, twaqqaf sabiex imexxi \u2019l quddiem sforzi nazzjonali fir-ri\u010berka u l-innovazzjoni dwar il-kan\u010ber.<\/div>\n<div><\/div>\n<div>Is-Segretarju Parlamentari g\u0127a\u017c-\u017bg\u0127a\u017cag\u0127, ir-Ri\u010berka u l-Innovazzjoni Keith Azzopardi Tanti tkellem dwar l-importanza ta\u2019 dan il-programm u s-sostenn li qed jing\u0127ata lir-ri\u010berka. \u201cDin is-sena, qed nirduppjaw l-investiment tag\u0127na billi allokajna miljun ewro f\u2019g\u0127otjiet g\u0127al pro\u0121etti innovattivi ta\u2019 ri\u010berka dwar il-kan\u010ber. Din i\u017c-\u017cieda sinifikanti fil-finanzjament tenfasizza l-importanza kru\u010bjali ta\u2019 dan il-qasam u tirriafferma l-impenn tag\u0127na li nappo\u0121\u0121jaw avvanzi xjentifi\u010bi li jistg\u0127u verament jibdlu l-\u0127ajja tan-nies.\u201d<\/div>\n<div><\/div>\n<div>Min-na\u0127a tieg\u0127u, il-Professur Christian Scerri, Chairman tal-CRIHM, spjega li dan il-programm mhuwiex biss investiment f\u2019ri\u010berka i\u017cda wkoll f\u2019innovazzjoni, kollaborazzjoni u tama. \u201cIr-ri\u010berka dwar il-kan\u010ber g\u0127andha s-setg\u0127a li tibdel il-\u0127ajjiet, u billi na\u0127dmu flimkien mad-dixxiplini, l-istituzzjonijiet u s-setturi nistg\u0127u na\u010b\u010belleraw su\u010b\u010bessi li jiffurmaw il-futur tal-kura tal-kan\u010ber. Din is-sej\u0127a hija xhieda tal-impenn komuni tag\u0127na biex nimxu \u2019l quddiem fix-xjenza g\u0127all-benefi\u010b\u010bju tal-pazjenti, il-familji u l-komunitajiet.\u201d<\/div>\n<div><\/div>\n<div><a href=\"https:\/\/www.gov.mt\/en\/Government\/DOI\/Press%20Releases\/Pages\/2025\/03\/17\/pr250436.aspx\" target=\"_blank\" rel=\"noopener\">Ag\u0127fas hawn biex tara l-kumplament tal-istqarrija<\/a><\/div>\n<div><a href=\"https:\/\/xjenzamalta.mt\/mt\/2025\/03\/17\/cancer-research-programme\/\" target=\"_blank\" rel=\"noopener\">Ag\u0127fas hawn g\u0127al aktar informazzjoni dwar il-programm ta\u2019 Ri\u010berka dwar il-Kan\u010ber<\/a><\/div>\n<div><a href=\"https:\/\/xjenzamalta.mt\/wp-content\/uploads\/2025\/03\/CRP-Press-Release-PPT.pptx\" target=\"_blank\" rel=\"noopener\">Ag\u0127fas hawn sabiex ta\u010b\u010bessa l-pre\u017centazzjoni teknika<\/a><\/div>\n<div><\/div>","protected":false},"excerpt":{"rendered":"<p>Il-Cancer Research and Innovation Hub Malta (CRIHM) nediet uffi\u010bjalment it-tieni sej\u0127a g\u0127all-Programm ta\u2019 Ri\u010berka dwar il-Kan\u010ber b\u2019kollaborazzjoni ma\u2019 Xjenza Malta. Is-CRIHM, fi \u0127dan is-Segretarjat Parlamentari g\u0127a\u017c-\u017bg\u0127a\u017cag\u0127, ir-Ri\u010berka u l-Innovazzjoni, twaqqaf sabiex imexxi \u2019l quddiem sforzi nazzjonali fir-ri\u010berka u l-innovazzjoni dwar il-kan\u010ber. Is-Segretarju Parlamentari g\u0127a\u017c-\u017bg\u0127a\u017cag\u0127, ir-Ri\u010berka u l-Innovazzjoni Keith Azzopardi Tanti tkellem dwar l-importanza ta\u2019 dan<\/p>","protected":false},"author":5,"featured_media":7058,"comment_status":"closed","ping_status":"closed","sticky":false,"template":"","format":"standard","meta":{"footnotes":""},"categories":[45],"tags":[],"class_list":["post-7057","post","type-post","status-publish","format-standard","has-post-thumbnail","hentry","category-press-releases"],"_links":{"self":[{"href":"https:\/\/xjenzamalta.mt\/mt\/wp-json\/wp\/v2\/posts\/7057","targetHints":{"allow":["GET"]}}],"collection":[{"href":"https:\/\/xjenzamalta.mt\/mt\/wp-json\/wp\/v2\/posts"}],"about":[{"href":"https:\/\/xjenzamalta.mt\/mt\/wp-json\/wp\/v2\/types\/post"}],"author":[{"embeddable":true,"href":"https:\/\/xjenzamalta.mt\/mt\/wp-json\/wp\/v2\/users\/5"}],"replies":[{"embeddable":true,"href":"https:\/\/xjenzamalta.mt\/mt\/wp-json\/wp\/v2\/comments?post=7057"}],"version-history":[{"count":1,"href":"https:\/\/xjenzamalta.mt\/mt\/wp-json\/wp\/v2\/posts\/7057\/revisions"}],"predecessor-version":[{"id":7060,"href":"https:\/\/xjenzamalta.mt\/mt\/wp-json\/wp\/v2\/posts\/7057\/revisions\/7060"}],"wp:featuredmedia":[{"embeddable":true,"href":"https:\/\/xjenzamalta.mt\/mt\/wp-json\/wp\/v2\/media\/7058"}],"wp:attachment":[{"href":"https:\/\/xjenzamalta.mt\/mt\/wp-json\/wp\/v2\/media?parent=7057"}],"wp:term":[{"taxonomy":"category","embeddable":true,"href":"https:\/\/xjenzamalta.mt\/mt\/wp-json\/wp\/v2\/categories?post=7057"},{"taxonomy":"post_tag","embeddable":true,"href":"https:\/\/xjenzamalta.mt\/mt\/wp-json\/wp\/v2\/tags?post=7057"}],"curies":[{"name":"wp","href":"https:\/\/api.w.org\/{rel}","templated":true}]}}