{"id":7462,"date":"2025-05-20T12:24:26","date_gmt":"2025-05-20T12:24:26","guid":{"rendered":"https:\/\/xjenzamalta.mt\/?p=7462"},"modified":"2025-06-20T12:25:57","modified_gmt":"2025-06-20T12:25:57","slug":"stqarrija-mis-segretarjat-parlamentari-ghaz-zghazagh-ir-ricerka-u-l-innovazzjoni-tnieda-l-programm-ta-appogg-bluemissionmed-inizjattiva-nazzjonali-kontra-t-tniggis-tal-bahar","status":"publish","type":"post","link":"https:\/\/xjenzamalta.mt\/mt\/2025\/05\/20\/stqarrija-mis-segretarjat-parlamentari-ghaz-zghazagh-ir-ricerka-u-l-innovazzjoni-tnieda-l-programm-ta-appogg-bluemissionmed-inizjattiva-nazzjonali-kontra-t-tniggis-tal-bahar\/","title":{"rendered":"STQARRIJA MIS-SEGRETARJAT PARLAMENTARI G\u0126A\u017b-\u017bG\u0126A\u017bAG\u0126, IR-RI\u010aERKA U L-INNOVAZZJONI: Tnieda l-Programm ta&#8217; Appo\u0121\u0121 BlueMissionMed \u2013 Inizjattiva nazzjonali kontra t-tni\u0121\u0121is tal-ba\u0127ar"},"content":{"rendered":"<p>Il-Programm ta&#8217; Appo\u0121\u0121 BlueMissionMed, li g\u0127andu l-g\u0127an li jindirizza u jelimina t-tni\u0121\u0121is tal-ba\u0127ar u tal-ilmijiet tag\u0127na, tnieda uffi\u010bjalment waqt workshop nazzjonali \u201cMind the Gap \u2013 Transforming Challenges into Opportunities for Cleaner Mediterranean Waters&#8221; organizzat minn Xjenza Malta. Din l-inizjattiva saret b&#8217;kollaborazzjoni mal-Kamra tal-Kummer\u010b, l-Intrapri\u017ca u l-Industrija ta&#8217; Malta, l-Awtorit\u00e0 g\u0127all-Ambjent u r-Ri\u017corsi (ERA), u l-pro\u0121ett RHE-MEDiation.<\/p>\n<p>L-attivit\u00e0 serviet b\u0127ala pjattaforma ta&#8217; diskussjoni dwar l-isfidi ambjentali li qed jiffa\u010b\u010bja l-ba\u0127ar Mediterran u dwar kif dawn jistg\u0127u jinbidlu f&#8217;opportunitajiet innovattivi g\u0127al pajji\u017cna. Dan il-programm huwa allinjat mal-Objettiv 2 tal-Missjoni tal-Unjoni Ewropea g\u0127ar-Restawr tal-O\u010beani u tal-Ilmijiet Tag\u0127na.<\/p>\n<p><a href=\"https:\/\/www.gov.mt\/en\/Government\/DOI\/Press%20Releases\/Pages\/2025\/05\/20\/pr250847.aspx\" target=\"_blank\" rel=\"noopener\">Ag\u0127fas hawn biex tara l-kumplament tal-istqarrija<\/a><\/p>\n<p>&nbsp;<\/p>","protected":false},"excerpt":{"rendered":"<p>Il-Programm ta&#8217; Appo\u0121\u0121 BlueMissionMed, li g\u0127andu l-g\u0127an li jindirizza u jelimina t-tni\u0121\u0121is tal-ba\u0127ar u tal-ilmijiet tag\u0127na, tnieda uffi\u010bjalment waqt workshop nazzjonali \u201cMind the Gap \u2013 Transforming Challenges into Opportunities for Cleaner Mediterranean Waters&#8221; organizzat minn Xjenza Malta. Din l-inizjattiva saret b&#8217;kollaborazzjoni mal-Kamra tal-Kummer\u010b, l-Intrapri\u017ca u l-Industrija ta&#8217; Malta, l-Awtorit\u00e0 g\u0127all-Ambjent u r-Ri\u017corsi (ERA), u l-pro\u0121ett<\/p>","protected":false},"author":5,"featured_media":7463,"comment_status":"closed","ping_status":"closed","sticky":false,"template":"","format":"standard","meta":{"footnotes":""},"categories":[45],"tags":[],"class_list":["post-7462","post","type-post","status-publish","format-standard","has-post-thumbnail","hentry","category-press-releases"],"_links":{"self":[{"href":"https:\/\/xjenzamalta.mt\/mt\/wp-json\/wp\/v2\/posts\/7462","targetHints":{"allow":["GET"]}}],"collection":[{"href":"https:\/\/xjenzamalta.mt\/mt\/wp-json\/wp\/v2\/posts"}],"about":[{"href":"https:\/\/xjenzamalta.mt\/mt\/wp-json\/wp\/v2\/types\/post"}],"author":[{"embeddable":true,"href":"https:\/\/xjenzamalta.mt\/mt\/wp-json\/wp\/v2\/users\/5"}],"replies":[{"embeddable":true,"href":"https:\/\/xjenzamalta.mt\/mt\/wp-json\/wp\/v2\/comments?post=7462"}],"version-history":[{"count":1,"href":"https:\/\/xjenzamalta.mt\/mt\/wp-json\/wp\/v2\/posts\/7462\/revisions"}],"predecessor-version":[{"id":7464,"href":"https:\/\/xjenzamalta.mt\/mt\/wp-json\/wp\/v2\/posts\/7462\/revisions\/7464"}],"wp:featuredmedia":[{"embeddable":true,"href":"https:\/\/xjenzamalta.mt\/mt\/wp-json\/wp\/v2\/media\/7463"}],"wp:attachment":[{"href":"https:\/\/xjenzamalta.mt\/mt\/wp-json\/wp\/v2\/media?parent=7462"}],"wp:term":[{"taxonomy":"category","embeddable":true,"href":"https:\/\/xjenzamalta.mt\/mt\/wp-json\/wp\/v2\/categories?post=7462"},{"taxonomy":"post_tag","embeddable":true,"href":"https:\/\/xjenzamalta.mt\/mt\/wp-json\/wp\/v2\/tags?post=7462"}],"curies":[{"name":"wp","href":"https:\/\/api.w.org\/{rel}","templated":true}]}}