{"id":7465,"date":"2025-05-26T12:53:26","date_gmt":"2025-05-26T12:53:26","guid":{"rendered":"https:\/\/xjenzamalta.mt\/?p=7465"},"modified":"2025-06-20T13:00:21","modified_gmt":"2025-06-20T13:00:21","slug":"stqarrija-mill-ministeru-ghas-sahha-u-l-anzjanita-attiva-u-mis-segretarjat-parlamentari-ghaz-zghazagh-ir-ricerka-u-l-innovazzjoni-titnieda-s-sejha-ghall-programm-ta-ricerka-dwar-l-obezita","status":"publish","type":"post","link":"https:\/\/xjenzamalta.mt\/mt\/2025\/05\/26\/stqarrija-mill-ministeru-ghas-sahha-u-l-anzjanita-attiva-u-mis-segretarjat-parlamentari-ghaz-zghazagh-ir-ricerka-u-l-innovazzjoni-titnieda-s-sejha-ghall-programm-ta-ricerka-dwar-l-obezita\/","title":{"rendered":"STQARRIJA MILL-MINISTERU G\u0126AS-SA\u0126\u0126A U L-ANZJANIT\u00c0 ATTIVA U MIS-SEGRETARJAT PARLAMENTARI G\u0126A\u017b-\u017bG\u0126A\u017bAG\u0126, IR-RI\u010aERKA U L-INNOVAZZJONI Titnieda s-Sej\u0127a g\u0127all-Programm ta\u2019 Ri\u010berka dwar l-Obe\u017cit\u00e0"},"content":{"rendered":"<div>Is-Segretarjat Parlamentari g\u0127a\u017c-\u017bg\u0127a\u017cag\u0127, ir-Ri\u010berka u l-Innovazzjoni permezz ta\u2019 Xjenza Malta, f\u2019kollaborazzjoni mal-Ministeru g\u0127as-Sa\u0127\u0127a u l-Anzjanit\u00e0 Attiva, nedew is-Sej\u0127a g\u0127all-Programm ta\u2019 Ri\u010berka dwar l-Obe\u017cit\u00e0.<\/div>\n<div><\/div>\n<div>Din l-inizjattiva g\u0127andha l-g\u0127an li tindirizza l-isfida tal-obe\u017cit\u00e0 f\u2019Malta, billi tiffinanzja ri\u010berka li tesplora l-impatt tal-ambjent tal-ikel fuq l-obe\u017cit\u00e0. B\u2019mod partikulari, il-programm se jiffoka fuq tliet oqsma kru\u010bjali: it-tikkettar tal-ikel, il-provvista tal-ikel, u l-promozzjoni tal-ikel. Dawn l-oqsma \u0121ew identifikati b\u0127ala punti \u010bentrali fejn l-evidenza xjentifika tista\u2019 twassal g\u0127al politiki aktar effettivi favur g\u0127a\u017cliet ta\u2019 ikel aktar b\u2019sa\u0127\u0127ithom.<\/div>\n<div><\/div>\n<div>Is-sej\u0127a g\u0127al din is-sena se tipprovdi g\u0127otjiet sa \u20ac100,000 g\u0127al kull pro\u0121ett, u hija miftu\u0127a g\u0127al entitajiet akkademi\u010bi, pubbli\u010bi u privati. Tliet pro\u0121etti distinti mistennija li ji\u0121u ffinanzjati, wie\u0127ed g\u0127al kull qasam identifikat fil-programm.<\/div>\n<div><\/div>\n<div><a href=\"https:\/\/www.gov.mt\/en\/Government\/DOI\/Press%20Releases\/Pages\/2025\/05\/26\/pr250900.aspx\" target=\"_blank\" rel=\"noopener\">Ag\u0127fas hawn biex tara l-kumplament tal-istqarrija<\/a><\/div>\n<div><a href=\"https:\/\/xjenzamalta.mt\/mt\/2025\/05\/26\/obesity-research-programme\/\" target=\"_blank\" rel=\"noopener\">Ag\u0127fas hawn g\u0127al aktar informazzjoni dwar il-programm ta\u2019 Ri\u010berka dwar l-Obe\u017cit\u00e0<\/a><\/div>","protected":false},"excerpt":{"rendered":"<p>Is-Segretarjat Parlamentari g\u0127a\u017c-\u017bg\u0127a\u017cag\u0127, ir-Ri\u010berka u l-Innovazzjoni permezz ta\u2019 Xjenza Malta, f\u2019kollaborazzjoni mal-Ministeru g\u0127as-Sa\u0127\u0127a u l-Anzjanit\u00e0 Attiva, nedew is-Sej\u0127a g\u0127all-Programm ta\u2019 Ri\u010berka dwar l-Obe\u017cit\u00e0. Din l-inizjattiva g\u0127andha l-g\u0127an li tindirizza l-isfida tal-obe\u017cit\u00e0 f\u2019Malta, billi tiffinanzja ri\u010berka li tesplora l-impatt tal-ambjent tal-ikel fuq l-obe\u017cit\u00e0. B\u2019mod partikulari, il-programm se jiffoka fuq tliet oqsma kru\u010bjali: it-tikkettar tal-ikel, il-provvista tal-ikel,<\/p>","protected":false},"author":5,"featured_media":7466,"comment_status":"closed","ping_status":"closed","sticky":false,"template":"","format":"standard","meta":{"footnotes":""},"categories":[45],"tags":[],"class_list":["post-7465","post","type-post","status-publish","format-standard","has-post-thumbnail","hentry","category-press-releases"],"_links":{"self":[{"href":"https:\/\/xjenzamalta.mt\/mt\/wp-json\/wp\/v2\/posts\/7465","targetHints":{"allow":["GET"]}}],"collection":[{"href":"https:\/\/xjenzamalta.mt\/mt\/wp-json\/wp\/v2\/posts"}],"about":[{"href":"https:\/\/xjenzamalta.mt\/mt\/wp-json\/wp\/v2\/types\/post"}],"author":[{"embeddable":true,"href":"https:\/\/xjenzamalta.mt\/mt\/wp-json\/wp\/v2\/users\/5"}],"replies":[{"embeddable":true,"href":"https:\/\/xjenzamalta.mt\/mt\/wp-json\/wp\/v2\/comments?post=7465"}],"version-history":[{"count":1,"href":"https:\/\/xjenzamalta.mt\/mt\/wp-json\/wp\/v2\/posts\/7465\/revisions"}],"predecessor-version":[{"id":7467,"href":"https:\/\/xjenzamalta.mt\/mt\/wp-json\/wp\/v2\/posts\/7465\/revisions\/7467"}],"wp:featuredmedia":[{"embeddable":true,"href":"https:\/\/xjenzamalta.mt\/mt\/wp-json\/wp\/v2\/media\/7466"}],"wp:attachment":[{"href":"https:\/\/xjenzamalta.mt\/mt\/wp-json\/wp\/v2\/media?parent=7465"}],"wp:term":[{"taxonomy":"category","embeddable":true,"href":"https:\/\/xjenzamalta.mt\/mt\/wp-json\/wp\/v2\/categories?post=7465"},{"taxonomy":"post_tag","embeddable":true,"href":"https:\/\/xjenzamalta.mt\/mt\/wp-json\/wp\/v2\/tags?post=7465"}],"curies":[{"name":"wp","href":"https:\/\/api.w.org\/{rel}","templated":true}]}}