{"id":7480,"date":"2025-07-01T11:33:40","date_gmt":"2025-07-01T11:33:40","guid":{"rendered":"https:\/\/xjenzamalta.mt\/?p=7480"},"modified":"2025-07-01T11:33:40","modified_gmt":"2025-07-01T11:33:40","slug":"stqarrija-mis-segretarjat-parlamentari-ghaz-zghazagh-ir-ricerka-u-l-innovazzjoni-xjenza-malta-tospita-workshop-internazzjonali-dwar-id-data-spazjali-biex-tixpruna-l-innovazzjoni","status":"publish","type":"post","link":"https:\/\/xjenzamalta.mt\/mt\/2025\/07\/01\/stqarrija-mis-segretarjat-parlamentari-ghaz-zghazagh-ir-ricerka-u-l-innovazzjoni-xjenza-malta-tospita-workshop-internazzjonali-dwar-id-data-spazjali-biex-tixpruna-l-innovazzjoni\/","title":{"rendered":"STQARRIJA MIS-SEGRETARJAT PARLAMENTARI G\u0126A\u017b-\u017bG\u0126A\u017bAG\u0126, IR-RI\u010aERKA U L-INNOVAZZJONI Xjenza Malta tospita workshop internazzjonali dwar id-data spazjali biex tixpruna l-innovazzjoni \u200b"},"content":{"rendered":"<p>Xjenza Malta, f&#8217;kollaborazzjoni mal-EURISY, l-Asso\u010bjazzjoni g\u0127all-A\u0121enziji Spazjali Ewropej, ospitat workshop internazzjonali ta&#8217; jumejn bit-tema \u201cBig Data: Space Solutions for Society&#8221; \u0121ewwa l-Esplora. L-avveniment laqqa&#8217; flimkien atturi ewlenin fir-ri\u010berka, il-politika u l-industrija minn Malta u madwar l-Ewropa biex jesploraw kif id-data mis-satelliti qed tinbidel f&#8217;g\u0127odda g\u0127al soluzzjonijiet sostenibbli g\u0127all-isfidi tas-so\u010bjet\u00e0.\u200b\u200b<\/p>\n<p>Permezz ta&#8217; dan il-workshop, Xjenza Malta sa\u0127\u0127et l-impenn tag\u0127ha li tappo\u0121\u0121ja l-u\u017cu ta&#8217; teknolo\u0121iji spazjali u data satelittari fl-ekonomija u fis-servizzi pubbli\u010bi, filwaqt li kkonfermat l-g\u0127an tag\u0127ha li tindirizza sfidi ambjentali u so\u010bjali permezz ta&#8217; soluzzjonijiet bba\u017cati fuq l-evidenza u l-innovazzjoni. L-avveniment sa\u0127\u0127a\u0127 ir-rwol ta&#8217; Malta fl-ekosistema Ewropea tal-ispazju u \u0127oloq pjattaforma g\u0127al djalogu produttiv bejn l-istituzzjonijiet, ir-ri\u010berkaturi u l-industrija.<\/p>\n<p><a href=\"https:\/\/www.gov.mt\/en\/Government\/DOI\/Press%20Releases\/Pages\/2025\/06\/30\/PR251171.aspx\" target=\"_blank\" rel=\"noopener\">Ag\u0127fas hawn biex tara l-kumplament tal-istqarrija<\/a><\/p>","protected":false},"excerpt":{"rendered":"<p>Xjenza Malta, f&#8217;kollaborazzjoni mal-EURISY, l-Asso\u010bjazzjoni g\u0127all-A\u0121enziji Spazjali Ewropej, ospitat workshop internazzjonali ta&#8217; jumejn bit-tema \u201cBig Data: Space Solutions for Society&#8221; \u0121ewwa l-Esplora. L-avveniment laqqa&#8217; flimkien atturi ewlenin fir-ri\u010berka, il-politika u l-industrija minn Malta u madwar l-Ewropa biex jesploraw kif id-data mis-satelliti qed tinbidel f&#8217;g\u0127odda g\u0127al soluzzjonijiet sostenibbli g\u0127all-isfidi tas-so\u010bjet\u00e0.\u200b\u200b Permezz ta&#8217; dan il-workshop, Xjenza Malta<\/p>","protected":false},"author":5,"featured_media":7481,"comment_status":"closed","ping_status":"closed","sticky":false,"template":"","format":"standard","meta":{"footnotes":""},"categories":[45],"tags":[],"class_list":["post-7480","post","type-post","status-publish","format-standard","has-post-thumbnail","hentry","category-press-releases"],"_links":{"self":[{"href":"https:\/\/xjenzamalta.mt\/mt\/wp-json\/wp\/v2\/posts\/7480","targetHints":{"allow":["GET"]}}],"collection":[{"href":"https:\/\/xjenzamalta.mt\/mt\/wp-json\/wp\/v2\/posts"}],"about":[{"href":"https:\/\/xjenzamalta.mt\/mt\/wp-json\/wp\/v2\/types\/post"}],"author":[{"embeddable":true,"href":"https:\/\/xjenzamalta.mt\/mt\/wp-json\/wp\/v2\/users\/5"}],"replies":[{"embeddable":true,"href":"https:\/\/xjenzamalta.mt\/mt\/wp-json\/wp\/v2\/comments?post=7480"}],"version-history":[{"count":1,"href":"https:\/\/xjenzamalta.mt\/mt\/wp-json\/wp\/v2\/posts\/7480\/revisions"}],"predecessor-version":[{"id":7482,"href":"https:\/\/xjenzamalta.mt\/mt\/wp-json\/wp\/v2\/posts\/7480\/revisions\/7482"}],"wp:featuredmedia":[{"embeddable":true,"href":"https:\/\/xjenzamalta.mt\/mt\/wp-json\/wp\/v2\/media\/7481"}],"wp:attachment":[{"href":"https:\/\/xjenzamalta.mt\/mt\/wp-json\/wp\/v2\/media?parent=7480"}],"wp:term":[{"taxonomy":"category","embeddable":true,"href":"https:\/\/xjenzamalta.mt\/mt\/wp-json\/wp\/v2\/categories?post=7480"},{"taxonomy":"post_tag","embeddable":true,"href":"https:\/\/xjenzamalta.mt\/mt\/wp-json\/wp\/v2\/tags?post=7480"}],"curies":[{"name":"wp","href":"https:\/\/api.w.org\/{rel}","templated":true}]}}