{"id":7554,"date":"2025-09-03T08:41:18","date_gmt":"2025-09-03T08:41:18","guid":{"rendered":"https:\/\/xjenzamalta.mt\/?p=7554"},"modified":"2025-09-03T08:45:09","modified_gmt":"2025-09-03T08:45:09","slug":"stqarrija-mis-segretarjat-parlamentari-ghaz-zghazagh-ir-ricerka-u-l-innovazzjoni-u-mis-segretarjat-parlamentari-ghas-sajd-l-akwakultura-u-d-drittijiet-tal-annimali-il-progett-ourobs-l-ewwel-immap","status":"publish","type":"post","link":"https:\/\/xjenzamalta.mt\/mt\/2025\/09\/03\/stqarrija-mis-segretarjat-parlamentari-ghaz-zghazagh-ir-ricerka-u-l-innovazzjoni-u-mis-segretarjat-parlamentari-ghas-sajd-l-akwakultura-u-d-drittijiet-tal-annimali-il-progett-ourobs-l-ewwel-immap\/","title":{"rendered":"STQARRIJA MIS-SEGRETARJAT PARLAMENTARI G\u0126A\u017b-\u017bG\u0126A\u017bAG\u0126, IR-RI\u010aERKA U L-INNOVAZZJONI U MIS-SEGRETARJAT PARLAMENTARI G\u0126AS-SAJD, L-AKWAKULTURA U D-DRITTIJIET TAL-ANNIMALI &#8211; Il-pro\u0121ett OurOBS: L-ewwel immappjar 360\u00b0 tal-ilmijiet Maltin abbord R\/V Gaia Blu"},"content":{"rendered":"<div>Is-Segretarju Parlamentari Keith Azzopardi Tanti flimkien mas-Segretarju Parlamentari Alicia Bugeja Said, \u017caru l-pro\u0121ett OurOBS (Our OBServations) abbord R\/V Gaia Blu \u2013 bastiment ta\u2019 ri\u010berka o\u010beanografika.<\/div>\n<div><\/div>\n<div>Il-pro\u0121ett, immexxi mill-MCAST f\u2019kollaborazzjoni mal-A\u0121enzija Aquatic Resources Malta u appo\u0121\u0121jat minn Xjenza Malta u l-Consiglio Nazionale delle Ricerche (CNR) tal-Italja, g\u0127andu l-g\u0127an li jwettaq l-ewwel immappjar ta\u2019 360 grad tal-istruttura fi\u017cika u bijokimika tal-kolonna tal-ilma madwar il-g\u017cejjer Maltin. Din l-inizjattiva se tikkontribwixxi g\u0127al tag\u0127rif aktar profond tad-dinami\u010bi tal-ba\u0127ar u r-rabtiet tag\u0127hom mal-ekosistemi kostali u l-\u0127ut pela\u0121iku \u017cg\u0127ir, filwaqt li tipprovdi wkoll ba\u017ci xjentifika g\u0127al pratti\u010bi ta\u2019 sajd sostenibbli u g\u0127all-immani\u0121\u0121jar tal-ba\u0127ar.<\/div>\n<div><\/div>\n<div><a href=\"https:\/\/www.gov.mt\/en\/Government\/DOI\/Press%20Releases\/Pages\/2025\/09\/02\/PR251499.aspx\" target=\"_blank\" rel=\"noopener\">Ag\u0127fas hawn biex tara l-kumplament tal-istqarrija<\/a><\/div>","protected":false},"excerpt":{"rendered":"<p>Is-Segretarju Parlamentari Keith Azzopardi Tanti flimkien mas-Segretarju Parlamentari Alicia Bugeja Said, \u017caru l-pro\u0121ett OurOBS (Our OBServations) abbord R\/V Gaia Blu \u2013 bastiment ta\u2019 ri\u010berka o\u010beanografika. Il-pro\u0121ett, immexxi mill-MCAST f\u2019kollaborazzjoni mal-A\u0121enzija Aquatic Resources Malta u appo\u0121\u0121jat minn Xjenza Malta u l-Consiglio Nazionale delle Ricerche (CNR) tal-Italja, g\u0127andu l-g\u0127an li jwettaq l-ewwel immappjar ta\u2019 360 grad tal-istruttura<\/p>","protected":false},"author":5,"featured_media":7557,"comment_status":"closed","ping_status":"closed","sticky":false,"template":"","format":"standard","meta":{"footnotes":""},"categories":[45],"tags":[],"class_list":["post-7554","post","type-post","status-publish","format-standard","has-post-thumbnail","hentry","category-press-releases"],"_links":{"self":[{"href":"https:\/\/xjenzamalta.mt\/mt\/wp-json\/wp\/v2\/posts\/7554","targetHints":{"allow":["GET"]}}],"collection":[{"href":"https:\/\/xjenzamalta.mt\/mt\/wp-json\/wp\/v2\/posts"}],"about":[{"href":"https:\/\/xjenzamalta.mt\/mt\/wp-json\/wp\/v2\/types\/post"}],"author":[{"embeddable":true,"href":"https:\/\/xjenzamalta.mt\/mt\/wp-json\/wp\/v2\/users\/5"}],"replies":[{"embeddable":true,"href":"https:\/\/xjenzamalta.mt\/mt\/wp-json\/wp\/v2\/comments?post=7554"}],"version-history":[{"count":1,"href":"https:\/\/xjenzamalta.mt\/mt\/wp-json\/wp\/v2\/posts\/7554\/revisions"}],"predecessor-version":[{"id":7556,"href":"https:\/\/xjenzamalta.mt\/mt\/wp-json\/wp\/v2\/posts\/7554\/revisions\/7556"}],"wp:featuredmedia":[{"embeddable":true,"href":"https:\/\/xjenzamalta.mt\/mt\/wp-json\/wp\/v2\/media\/7557"}],"wp:attachment":[{"href":"https:\/\/xjenzamalta.mt\/mt\/wp-json\/wp\/v2\/media?parent=7554"}],"wp:term":[{"taxonomy":"category","embeddable":true,"href":"https:\/\/xjenzamalta.mt\/mt\/wp-json\/wp\/v2\/categories?post=7554"},{"taxonomy":"post_tag","embeddable":true,"href":"https:\/\/xjenzamalta.mt\/mt\/wp-json\/wp\/v2\/tags?post=7554"}],"curies":[{"name":"wp","href":"https:\/\/api.w.org\/{rel}","templated":true}]}}