{"id":7910,"date":"2025-11-21T13:50:37","date_gmt":"2025-11-21T13:50:37","guid":{"rendered":"https:\/\/xjenzamalta.mt\/?p=7910"},"modified":"2025-11-28T08:24:05","modified_gmt":"2025-11-28T08:24:05","slug":"stqarrija-mis-segretarjat-parlamentari-ghaz-zghazagh-ir-ricerka-u-l-innovazzjoni-il-premjijiet-fusion-2025-celebrazzjoni-tal-progetti-fir-ricerka-applikata-fpajjizna","status":"publish","type":"post","link":"https:\/\/xjenzamalta.mt\/mt\/2025\/11\/21\/stqarrija-mis-segretarjat-parlamentari-ghaz-zghazagh-ir-ricerka-u-l-innovazzjoni-il-premjijiet-fusion-2025-celebrazzjoni-tal-progetti-fir-ricerka-applikata-fpajjizna\/","title":{"rendered":"STQARRIJA MIS-SEGRETARJAT PARLAMENTARI G\u0126A\u017b-\u017bG\u0126A\u017bAG\u0126, IR-RI\u010aERKA U L-INNOVAZZJONI Il-Premjijiet FUSION 2025: \u010aelebrazzjoni tal-pro\u0121etti fir-ri\u010berka applikata f\u2019pajji\u017cna"},"content":{"rendered":"<p>Is-Segretarju Parlamentari g\u0127a\u017c-\u017bg\u0127a\u017cag\u0127, ir-Ri\u010berka u l-Innovazzjoni, Keith Azzopardi Tanti indirizza l-Premjijiet FUSION 2025, avveniment organizzat minn Xjenza Malta. Dan l-avveniment laqqa&#8217; flimkien ir-ri\u010berkaturi, l-intraprendituri u l-akkademi\u010bi Maltin biex ji\u010b\u010belebraw l-aktar pro\u0121etti promettenti ta&#8217; ri\u010berka applikata fil-pajji\u017c, kollha ffinanzjati permezz tal-programm TDP LITE.<\/p>\n<p>Il-Premjijiet FUSION ma kinux biss \u010berimonja ta&#8217; rikonoxximent i\u017cda pjattaforma nazzjonali biex ji\u0121i enfasizzat l-impatt tan\u0121ibbli tal-investiment pubbliku fir-ri\u010berka: mill-qasam tas-sa\u0127\u0127a u l-in\u0121inerija, sas-sostenibbilt\u00e0 u t-teknolo\u0121iji di\u0121itali. B&#8217;kollox \u0121ew esibiti 19-il pro\u0121ett innovattiv, b&#8217;9 immexxija mill-industrija u 10 mill-Universit\u00e0 ta&#8217; Malta, li jixhdu kemm is-settur privat kif ukoll dak akkademiku qeg\u0127din jikkontribwixxu b&#8217;mod attiv fit-tis\u0127i\u0127 tal-ekosistema tar-ri\u010berka f&#8217;pajji\u017cna.<\/p>\n<p>Fl-intervent tieg\u0127u, is-Segretarju Parlamentari Keith Azzopardi Tanti tenna l-impenn tal-Gvern biex ir-ri\u010berka u l-innovazzjoni jibqg\u0127u prijorit\u00e0 nazzjonali. \u201cIl-pro\u0121etti rikonoxxuti llum huma pedamenti fil-vja\u0121\u0121 ta&#8217; Malta lejn ekonomija bba\u017cata fuq l-g\u0127arfien. Permezz tal-Pjan Strate\u0121iku Nazzjonali tar-Ri\u010berka u l-Innovazzjoni 2023-2027, qeg\u0127din ninvestu fil-kur\u017cit\u00e0, il-kreattivit\u00e0 u l-e\u010b\u010bellenza. Ir-ri\u010berkaturi u l-innovaturi tag\u0127na huma l-periti t&#8217;g\u0127ada u xog\u0127olhom essenzjali g\u0127al futur li jinbena fuq ir-re\u017ciljenza, l-g\u0127arfien u l-opportunit\u00e0.&#8221;<\/p>\n<p><a href=\"https:\/\/www.gov.mt\/en\/Government\/DOI\/Press%20Releases\/Pages\/2025\/10\/16\/pr251828.aspx\" target=\"_blank\" rel=\"noopener\">Ag\u0127fas hawn biex tara l-kumplament tal-istqarrija.<\/a><\/p>\n<p><a href=\"https:\/\/youtu.be\/Nn1q8dnq1uk?si=i-VK032yVxHdC5vX\" target=\"_blank\" rel=\"noopener\">Ag\u0127fas hawn biex tara l-ewwel parti tal-kumment.<\/a><\/p>\n<p><a href=\"https:\/\/youtu.be\/Q9NPSTnJDVA?si=bG-bdPDaN2w1W_pO\" target=\"_blank\" rel=\"noopener\">Ag\u0127fas hawn biex tarat-tieni parti tal-kumment.<\/a><\/p>","protected":false},"excerpt":{"rendered":"<p>Is-Segretarju Parlamentari g\u0127a\u017c-\u017bg\u0127a\u017cag\u0127, ir-Ri\u010berka u l-Innovazzjoni, Keith Azzopardi Tanti indirizza l-Premjijiet FUSION 2025, avveniment organizzat minn Xjenza Malta. Dan l-avveniment laqqa&#8217; flimkien ir-ri\u010berkaturi, l-intraprendituri u l-akkademi\u010bi Maltin biex ji\u010b\u010belebraw l-aktar pro\u0121etti promettenti ta&#8217; ri\u010berka applikata fil-pajji\u017c, kollha ffinanzjati permezz tal-programm TDP LITE. Il-Premjijiet FUSION ma kinux biss \u010berimonja ta&#8217; rikonoxximent i\u017cda pjattaforma nazzjonali biex ji\u0121i<\/p>","protected":false},"author":5,"featured_media":7911,"comment_status":"closed","ping_status":"closed","sticky":false,"template":"","format":"standard","meta":{"footnotes":""},"categories":[45],"tags":[],"class_list":["post-7910","post","type-post","status-publish","format-standard","has-post-thumbnail","hentry","category-press-releases"],"_links":{"self":[{"href":"https:\/\/xjenzamalta.mt\/mt\/wp-json\/wp\/v2\/posts\/7910","targetHints":{"allow":["GET"]}}],"collection":[{"href":"https:\/\/xjenzamalta.mt\/mt\/wp-json\/wp\/v2\/posts"}],"about":[{"href":"https:\/\/xjenzamalta.mt\/mt\/wp-json\/wp\/v2\/types\/post"}],"author":[{"embeddable":true,"href":"https:\/\/xjenzamalta.mt\/mt\/wp-json\/wp\/v2\/users\/5"}],"replies":[{"embeddable":true,"href":"https:\/\/xjenzamalta.mt\/mt\/wp-json\/wp\/v2\/comments?post=7910"}],"version-history":[{"count":3,"href":"https:\/\/xjenzamalta.mt\/mt\/wp-json\/wp\/v2\/posts\/7910\/revisions"}],"predecessor-version":[{"id":7943,"href":"https:\/\/xjenzamalta.mt\/mt\/wp-json\/wp\/v2\/posts\/7910\/revisions\/7943"}],"wp:featuredmedia":[{"embeddable":true,"href":"https:\/\/xjenzamalta.mt\/mt\/wp-json\/wp\/v2\/media\/7911"}],"wp:attachment":[{"href":"https:\/\/xjenzamalta.mt\/mt\/wp-json\/wp\/v2\/media?parent=7910"}],"wp:term":[{"taxonomy":"category","embeddable":true,"href":"https:\/\/xjenzamalta.mt\/mt\/wp-json\/wp\/v2\/categories?post=7910"},{"taxonomy":"post_tag","embeddable":true,"href":"https:\/\/xjenzamalta.mt\/mt\/wp-json\/wp\/v2\/tags?post=7910"}],"curies":[{"name":"wp","href":"https:\/\/api.w.org\/{rel}","templated":true}]}}